{"id":17388,"date":"2020-06-30T11:10:19","date_gmt":"2020-06-30T16:10:19","guid":{"rendered":"http:\/\/santamargarita.edu.pe\/web3\/?p=17388"},"modified":"2020-07-01T14:52:26","modified_gmt":"2020-07-01T19:52:26","slug":"un-nino-sera-autonomo-si-como-cuidadores-se-lo-permitimos","status":"publish","type":"post","link":"https:\/\/santamargarita.edu.pe\/web3\/un-nino-sera-autonomo-si-como-cuidadores-se-lo-permitimos\/","title":{"rendered":"\u201cUn ni\u00f1o ser\u00e1 aut\u00f3nomo si, como cuidadores, se lo permitimos\u201d"},"content":{"rendered":"<div id=\"cmsmasters_row_jb2y05s34i\" class=\"cmsmasters_row cmsmasters_color_scheme_default cmsmasters_row_top_default cmsmasters_row_bot_default cmsmasters_row_boxed\">\n<div class=\"cmsmasters_row_outer_parent\">\n<div class=\"cmsmasters_row_outer\">\n<div class=\"cmsmasters_row_inner\">\n<div class=\"cmsmasters_row_margin\">\n<div id=\"cmsmasters_column_ib2e36u126\" class=\"cmsmasters_column one_first\">\n<div class=\"cmsmasters_column_inner\"><div class=\"cmsmasters_text\">\n<p><span style=\"color: #62cbc9;\"><strong>EntreVista<\/strong><\/span><\/p>\n<p><span style=\"color: #62cbc9;\"><strong>Miss Andrea G\u00f3mez:<\/strong><\/span><\/p>\n<p><span style=\"color: #1b365d;\"><strong>Uno de los aspectos fundamentales en la formaci\u00f3n de un ni\u00f1o est\u00e1 referido a la autonom\u00eda. \u00bfQu\u00e9 es, por qu\u00e9 es importante, qu\u00e9 podemos hacer desde el hogar o la escuela? Miss Andrea G\u00f3mez, del Dpto. Psicopedag\u00f3gico del Colegio Santa Margarita, nos da respuestas sobre este trascendental tema.<\/strong><\/span><\/p>\n<p><span style=\"color: #62cbc9;\"><strong>\u00bfQu\u00e9 debemos entender por autonom\u00eda en el desarrollo de las personas?<\/strong><\/span><\/p>\n<p><span style=\"color: #1b365d;\">La autonom\u00eda viene a ser la capacidad de gestionar, desde nuestros propios recursos, los diferentes aspectos que se nos presentan en la vida. Se va desarrollando de manera progresiva, desde que somos peque\u00f1os, y aun siendo dependientes de nuestros padres. Hay que tener claro que <strong>tener autonom\u00eda no significa resolver todo solos<\/strong>, sin apoyo, sino, m\u00e1s bien, hacer, elegir, tomar decisiones y asumir las consecuencias de las mismas; y esto podemos hacerlo desde muy temprana edad, acompa\u00f1ados por nuestros padres o cuidadores. Por ejemplo, un ni\u00f1o de tres o cuatro a\u00f1os, puede elegir qu\u00e9 color de ropa ponerse, qu\u00e9 juguete llevar al parque o qu\u00e9 cuento le gustar\u00eda escuchar a la hora de dormir. Podemos darle un par de opciones y dejar que \u00e9l elija.<\/span><\/p>\n<p><span style=\"color: #62cbc9;\"><strong>\u00bfCu\u00e1l es el rol juegan que los padres y la escuela para formar ni\u00f1os aut\u00f3nomos?<\/strong><\/span><\/p>\n<p><span style=\"color: #1b365d;\"><strong>Ambos juegan un rol muy importante<\/strong>. Es en casa, con la familia, donde el ni\u00f1o, si se lo permiten, empieza a desarrollar sus primeros h\u00e1bitos de autocuidado, como vestirse solo, asearse, comer solo, o prepararse un snack; o de responsabilidades familiares, como poner la mesa, lavar su plato, regar las plantas o darle de comer a la mascota. <strong>Eso le ense\u00f1a tambi\u00e9n a pensar en los dem\u00e1s<\/strong> y a sentir que lo que est\u00e1 haciendo es importante para todos. Es en el hogar asimismo donde el ni\u00f1o empieza a hacer sus primeras elecciones, <strong>a tomar sus primeras decisiones<\/strong> y afrontar las consecuencias de estas. Y, en la escuela, espacio donde el ni\u00f1o pasa una gran cantidad de tiempo, tambi\u00e9n tendr\u00e1 m\u00faltiples oportunidades de crear, elegir, de caerse, levantarse y aprender de esa experiencia. Si ambos, padres y escuela, no est\u00e1n alineados en la formaci\u00f3n del ni\u00f1o, dif\u00edcilmente este se desarrollar\u00e1 de manera \u00f3ptima: bajo un mismo mensaje, coherente y con sentido, que lo gu\u00ede y acompa\u00f1e en su crecimiento y en lo que le vaya tocando enfrentar. Por ello, considero que un ni\u00f1o ser\u00e1 aut\u00f3nomo si, como cuidadores, se lo permitimos.\u00a0<\/span><\/p>\n<p><span style=\"color: #62cbc9;\"><strong>\u00bfCu\u00e1les son las actitudes m\u00e1s frecuentes de los padres, relacionadas a la autonom\u00eda de sus hijos? <\/strong><\/span><\/p>\n<p><span style=\"color: #1b365d;\">Yo creo que una caracter\u00edstica frecuente en los padres es el querer protegerlos del error, de equivocarse, caerse o frustrarse, donde justamente se da el aprendizaje. Y, por tanto, <strong>algunas veces prefieren hacer las cosas por ellos<\/strong>, buscando ayudarlos o queriendo resolver r\u00e1pidamente algo. Con ello, sin querer, se les da un mensaje de \u201ct\u00fa a\u00fan no puedes solo, no eres capaz, necesitas siempre de m\u00ed (o de otra persona)\u201d. Pasa tambi\u00e9n que, con la mejor intenci\u00f3n, <strong>buscan que su hijo resalte, que haga las cosas \u2018mejor\u2019<\/strong> o m\u00e1s r\u00e1pido que los dem\u00e1s, dando sin querer el mensaje de \u201ctodav\u00eda no lo est\u00e1s haciendo bien, deber\u00edas hacerlo mejor\u201d. Y, finalmente, podr\u00edan ser necesidades de los propios padres y no del ni\u00f1o, quien, sin darse cuenta, empieza a actuar seg\u00fan lo que sus padres esperan que haga; y m\u00e1s adelante har\u00e1 las cosas seg\u00fan lo que sus amigos, pareja, o el sistema esperan, sin contar con el h\u00e1bito de mirarse a s\u00ed mismo y decidir desde ah\u00ed dentro.<\/span><\/p>\n<p><span style=\"color: #62cbc9;\"><strong>Ahora que las clases son a distancia, \u00bfc\u00f3mo podr\u00edan actuar los padres?<\/strong><\/span><\/p>\n<p><span style=\"color: #1b365d;\">Ayud\u00e1ndolos a ser m\u00e1s aut\u00f3nomos, progresivamente. Acompa\u00f1\u00e1ndolos, pero <strong>sin interferir en su proceso de aprendizaje<\/strong>. Por ejemplo, cuando el ni\u00f1o escucha una pregunta de su Miss, su cerebro autom\u00e1ticamente empieza a buscar una respuesta entre \u2018los archivos\u2019 de sus saberes previos. Si en ese momento le dan la respuesta, se interrumpe ese proceso de pensamiento, en el que muchas neuronas est\u00e1n haciendo sinapsis y que son fundamentales para su desarrollo cognitivo, que a\u00fan sigue en evoluci\u00f3n -si su entorno se lo permite-. Es muy importante que sea el ni\u00f1o quien deba alistar sus materiales para la clase, limpiar su espacio de trabajo y guardar sus cosas. Si a\u00fan no logra hacerlo solo, pues <strong>sigamos trabajando y perseverando<\/strong> en ello.<\/span><\/p>\n<p><span style=\"color: #62cbc9;\"><strong>\u00bfC\u00f3mo se puede apoyar en casa a los hijos adolescentes que no tienen una autonom\u00eda bien cimentada?<\/strong><\/span><\/p>\n<p><span style=\"color: #1b365d;\">Creo que se puede empezar por mirar al hijo y <strong>ver qu\u00e9 necesita para gestionarse<\/strong> por s\u00ed mismo. Si algo no puede hacerlo solo, y por su edad cuenta con la capacidad para ello, <strong>hay que reflexionar qu\u00e9 pas\u00f3<\/strong>, qui\u00e9n lo viene haciendo por \u00e9l. Si le cuesta mucho tomar decisiones, \u00bfen alg\u00fan momento se le consult\u00f3 qu\u00e9 le parece esto o aquello? \u00bfse le propuso elegir, o se le acostumbr\u00f3 a recibir indicaciones y a tener que solo seguirlas por obediencia? Resolver estas preguntas puede ser importante, no para juzgarnos como padres, sino para <strong>encontrar d\u00f3nde hacer el cambio<\/strong>. Pero siempre empezando de a pocos, de manera progresiva, con objetivos concretos pero realistas, que sean alcanzables para ellos.<\/span><\/p>\n<\/div>\n<\/div><\/div>\n<\/div>\n<\/div>\n<\/div>\n<\/div>\n<\/div>\n\n","protected":false},"excerpt":{"rendered":"","protected":false},"author":1,"featured_media":17390,"comment_status":"closed","ping_status":"closed","sticky":false,"template":"","format":"standard","meta":{"footnotes":""},"categories":[5],"tags":[],"class_list":["post-17388","post","type-post","status-publish","format-standard","has-post-thumbnail","hentry","category-entrevista"],"yoast_head":"<!-- This site is optimized with the Yoast SEO plugin v26.8 - https:\/\/yoast.com\/product\/yoast-seo-wordpress\/ -->\n<title>\u201cUn ni\u00f1o ser\u00e1 aut\u00f3nomo si, como cuidadores, se lo permitimos\u201d - Colegio Santa Margarita<\/title>\n<meta name=\"description\" content=\"El Colegio Santa Margarita aspira a ser un mosaico de oportunidades, un espacio donde el asombro d\u00e9 paso al descubrimiento de la verdad, del bien, de la belleza, y en donde nuestros alumnos aprendan a ser verdaderos l\u00edderes que, con su ejemplo, arrastren y sean pioneros del cambio, transitando por la ruta de la alegr\u00eda.\" \/>\n<meta name=\"robots\" content=\"index, follow, max-snippet:-1, max-image-preview:large, max-video-preview:-1\" \/>\n<link rel=\"canonical\" href=\"https:\/\/santamargarita.edu.pe\/web3\/un-nino-sera-autonomo-si-como-cuidadores-se-lo-permitimos\/\" \/>\n<meta property=\"og:locale\" content=\"es_ES\" \/>\n<meta property=\"og:type\" content=\"article\" \/>\n<meta property=\"og:title\" content=\"\u201cUn ni\u00f1o ser\u00e1 aut\u00f3nomo si, como cuidadores, se lo permitimos\u201d - Colegio Santa Margarita\" \/>\n<meta property=\"og:description\" content=\"El Colegio Santa Margarita aspira a ser un mosaico de oportunidades, un espacio donde el asombro d\u00e9 paso al descubrimiento de la verdad, del bien, de la belleza, y en donde nuestros alumnos aprendan a ser verdaderos l\u00edderes que, con su ejemplo, arrastren y sean pioneros del cambio, transitando por la ruta de la alegr\u00eda.\" \/>\n<meta property=\"og:url\" content=\"https:\/\/santamargarita.edu.pe\/web3\/un-nino-sera-autonomo-si-como-cuidadores-se-lo-permitimos\/\" \/>\n<meta property=\"og:site_name\" content=\"Colegio Santa Margarita\" \/>\n<meta property=\"article:publisher\" content=\"https:\/\/www.facebook.com\/colegiosantamargaritaoficial\/\" \/>\n<meta property=\"article:published_time\" content=\"2020-06-30T16:10:19+00:00\" \/>\n<meta property=\"article:modified_time\" content=\"2020-07-01T19:52:26+00:00\" \/>\n<meta property=\"og:image\" content=\"https:\/\/santamargarita.edu.pe\/web3\/wp-content\/uploads\/2020\/06\/IMG-9310-e1593548168996.jpg\" \/>\n\t<meta property=\"og:image:width\" content=\"1130\" \/>\n\t<meta property=\"og:image:height\" content=\"630\" \/>\n\t<meta property=\"og:image:type\" content=\"image\/jpeg\" \/>\n<meta name=\"author\" content=\"admin\" \/>\n<meta name=\"twitter:card\" content=\"summary_large_image\" \/>\n<script type=\"application\/ld+json\" class=\"yoast-schema-graph\">{\"@context\":\"https:\/\/schema.org\",\"@graph\":[{\"@type\":\"Article\",\"@id\":\"https:\/\/santamargarita.edu.pe\/web3\/un-nino-sera-autonomo-si-como-cuidadores-se-lo-permitimos\/#article\",\"isPartOf\":{\"@id\":\"https:\/\/santamargarita.edu.pe\/web3\/un-nino-sera-autonomo-si-como-cuidadores-se-lo-permitimos\/\"},\"author\":{\"name\":\"admin\",\"@id\":\"https:\/\/santamargarita.edu.pe\/web3\/#\/schema\/person\/a42f2ba78ac3d274daa3df5def7b5f67\"},\"headline\":\"\u201cUn ni\u00f1o ser\u00e1 aut\u00f3nomo si, como cuidadores, se lo permitimos\u201d\",\"datePublished\":\"2020-06-30T16:10:19+00:00\",\"dateModified\":\"2020-07-01T19:52:26+00:00\",\"mainEntityOfPage\":{\"@id\":\"https:\/\/santamargarita.edu.pe\/web3\/un-nino-sera-autonomo-si-como-cuidadores-se-lo-permitimos\/\"},\"wordCount\":1077,\"publisher\":{\"@id\":\"https:\/\/santamargarita.edu.pe\/web3\/#organization\"},\"image\":{\"@id\":\"https:\/\/santamargarita.edu.pe\/web3\/un-nino-sera-autonomo-si-como-cuidadores-se-lo-permitimos\/#primaryimage\"},\"thumbnailUrl\":\"https:\/\/santamargarita.edu.pe\/web3\/wp-content\/uploads\/2020\/06\/IMG-9310-e1593548168996.jpg\",\"articleSection\":[\"Entrevista\"],\"inLanguage\":\"es\"},{\"@type\":\"WebPage\",\"@id\":\"https:\/\/santamargarita.edu.pe\/web3\/un-nino-sera-autonomo-si-como-cuidadores-se-lo-permitimos\/\",\"url\":\"https:\/\/santamargarita.edu.pe\/web3\/un-nino-sera-autonomo-si-como-cuidadores-se-lo-permitimos\/\",\"name\":\"\u201cUn ni\u00f1o ser\u00e1 aut\u00f3nomo si, como cuidadores, se lo permitimos\u201d - Colegio Santa Margarita\",\"isPartOf\":{\"@id\":\"https:\/\/santamargarita.edu.pe\/web3\/#website\"},\"primaryImageOfPage\":{\"@id\":\"https:\/\/santamargarita.edu.pe\/web3\/un-nino-sera-autonomo-si-como-cuidadores-se-lo-permitimos\/#primaryimage\"},\"image\":{\"@id\":\"https:\/\/santamargarita.edu.pe\/web3\/un-nino-sera-autonomo-si-como-cuidadores-se-lo-permitimos\/#primaryimage\"},\"thumbnailUrl\":\"https:\/\/santamargarita.edu.pe\/web3\/wp-content\/uploads\/2020\/06\/IMG-9310-e1593548168996.jpg\",\"datePublished\":\"2020-06-30T16:10:19+00:00\",\"dateModified\":\"2020-07-01T19:52:26+00:00\",\"description\":\"El Colegio Santa Margarita aspira a ser un mosaico de oportunidades, un espacio donde el asombro d\u00e9 paso al descubrimiento de la verdad, del bien, de la belleza, y en donde nuestros alumnos aprendan a ser verdaderos l\u00edderes que, con su ejemplo, arrastren y sean pioneros del cambio, transitando por la ruta de la alegr\u00eda.\",\"breadcrumb\":{\"@id\":\"https:\/\/santamargarita.edu.pe\/web3\/un-nino-sera-autonomo-si-como-cuidadores-se-lo-permitimos\/#breadcrumb\"},\"inLanguage\":\"es\",\"potentialAction\":[{\"@type\":\"ReadAction\",\"target\":[\"https:\/\/santamargarita.edu.pe\/web3\/un-nino-sera-autonomo-si-como-cuidadores-se-lo-permitimos\/\"]}]},{\"@type\":\"ImageObject\",\"inLanguage\":\"es\",\"@id\":\"https:\/\/santamargarita.edu.pe\/web3\/un-nino-sera-autonomo-si-como-cuidadores-se-lo-permitimos\/#primaryimage\",\"url\":\"https:\/\/santamargarita.edu.pe\/web3\/wp-content\/uploads\/2020\/06\/IMG-9310-e1593548168996.jpg\",\"contentUrl\":\"https:\/\/santamargarita.edu.pe\/web3\/wp-content\/uploads\/2020\/06\/IMG-9310-e1593548168996.jpg\",\"width\":1130,\"height\":630},{\"@type\":\"BreadcrumbList\",\"@id\":\"https:\/\/santamargarita.edu.pe\/web3\/un-nino-sera-autonomo-si-como-cuidadores-se-lo-permitimos\/#breadcrumb\",\"itemListElement\":[{\"@type\":\"ListItem\",\"position\":1,\"name\":\"Portada\",\"item\":\"https:\/\/santamargarita.edu.pe\/web3\/\"},{\"@type\":\"ListItem\",\"position\":2,\"name\":\"\u201cUn ni\u00f1o ser\u00e1 aut\u00f3nomo si, como cuidadores, se lo permitimos\u201d\"}]},{\"@type\":\"WebSite\",\"@id\":\"https:\/\/santamargarita.edu.pe\/web3\/#website\",\"url\":\"https:\/\/santamargarita.edu.pe\/web3\/\",\"name\":\"Colegio Santa Margarita\",\"description\":\"Colegio de educaci&oacute;n Inicial, Primaria y Secundaria en Surco, Lima, Per&uacute;.\",\"publisher\":{\"@id\":\"https:\/\/santamargarita.edu.pe\/web3\/#organization\"},\"potentialAction\":[{\"@type\":\"SearchAction\",\"target\":{\"@type\":\"EntryPoint\",\"urlTemplate\":\"https:\/\/santamargarita.edu.pe\/web3\/?s={search_term_string}\"},\"query-input\":{\"@type\":\"PropertyValueSpecification\",\"valueRequired\":true,\"valueName\":\"search_term_string\"}}],\"inLanguage\":\"es\"},{\"@type\":\"Organization\",\"@id\":\"https:\/\/santamargarita.edu.pe\/web3\/#organization\",\"name\":\"Colegio Santa Margarita\",\"url\":\"https:\/\/santamargarita.edu.pe\/web3\/\",\"logo\":{\"@type\":\"ImageObject\",\"inLanguage\":\"es\",\"@id\":\"https:\/\/santamargarita.edu.pe\/web3\/#\/schema\/logo\/image\/\",\"url\":\"https:\/\/santamargarita.edu.pe\/web3\/wp-content\/uploads\/2023\/07\/escudosm_transp.png\",\"contentUrl\":\"https:\/\/santamargarita.edu.pe\/web3\/wp-content\/uploads\/2023\/07\/escudosm_transp.png\",\"width\":124,\"height\":137,\"caption\":\"Colegio Santa Margarita\"},\"image\":{\"@id\":\"https:\/\/santamargarita.edu.pe\/web3\/#\/schema\/logo\/image\/\"},\"sameAs\":[\"https:\/\/www.facebook.com\/colegiosantamargaritaoficial\/\",\"https:\/\/www.linkedin.com\/school\/santamargarita\/\"]},{\"@type\":\"Person\",\"@id\":\"https:\/\/santamargarita.edu.pe\/web3\/#\/schema\/person\/a42f2ba78ac3d274daa3df5def7b5f67\",\"name\":\"admin\",\"image\":{\"@type\":\"ImageObject\",\"inLanguage\":\"es\",\"@id\":\"https:\/\/santamargarita.edu.pe\/web3\/#\/schema\/person\/image\/\",\"url\":\"https:\/\/secure.gravatar.com\/avatar\/15a801e82affbe457ea6605f9ffe5a30?s=96&d=mm&r=g\",\"contentUrl\":\"https:\/\/secure.gravatar.com\/avatar\/15a801e82affbe457ea6605f9ffe5a30?s=96&d=mm&r=g\",\"caption\":\"admin\"},\"url\":\"https:\/\/santamargarita.edu.pe\/web3\/author\/admin\/\"}]}<\/script>\n<!-- \/ Yoast SEO plugin. -->","yoast_head_json":{"title":"\u201cUn ni\u00f1o ser\u00e1 aut\u00f3nomo si, como cuidadores, se lo permitimos\u201d - Colegio Santa Margarita","description":"El Colegio Santa Margarita aspira a ser un mosaico de oportunidades, un espacio donde el asombro d\u00e9 paso al descubrimiento de la verdad, del bien, de la belleza, y en donde nuestros alumnos aprendan a ser verdaderos l\u00edderes que, con su ejemplo, arrastren y sean pioneros del cambio, transitando por la ruta de la alegr\u00eda.","robots":{"index":"index","follow":"follow","max-snippet":"max-snippet:-1","max-image-preview":"max-image-preview:large","max-video-preview":"max-video-preview:-1"},"canonical":"https:\/\/santamargarita.edu.pe\/web3\/un-nino-sera-autonomo-si-como-cuidadores-se-lo-permitimos\/","og_locale":"es_ES","og_type":"article","og_title":"\u201cUn ni\u00f1o ser\u00e1 aut\u00f3nomo si, como cuidadores, se lo permitimos\u201d - Colegio Santa Margarita","og_description":"El Colegio Santa Margarita aspira a ser un mosaico de oportunidades, un espacio donde el asombro d\u00e9 paso al descubrimiento de la verdad, del bien, de la belleza, y en donde nuestros alumnos aprendan a ser verdaderos l\u00edderes que, con su ejemplo, arrastren y sean pioneros del cambio, transitando por la ruta de la alegr\u00eda.","og_url":"https:\/\/santamargarita.edu.pe\/web3\/un-nino-sera-autonomo-si-como-cuidadores-se-lo-permitimos\/","og_site_name":"Colegio Santa Margarita","article_publisher":"https:\/\/www.facebook.com\/colegiosantamargaritaoficial\/","article_published_time":"2020-06-30T16:10:19+00:00","article_modified_time":"2020-07-01T19:52:26+00:00","og_image":[{"width":1130,"height":630,"url":"https:\/\/santamargarita.edu.pe\/web3\/wp-content\/uploads\/2020\/06\/IMG-9310-e1593548168996.jpg","type":"image\/jpeg"}],"author":"admin","twitter_card":"summary_large_image","schema":{"@context":"https:\/\/schema.org","@graph":[{"@type":"Article","@id":"https:\/\/santamargarita.edu.pe\/web3\/un-nino-sera-autonomo-si-como-cuidadores-se-lo-permitimos\/#article","isPartOf":{"@id":"https:\/\/santamargarita.edu.pe\/web3\/un-nino-sera-autonomo-si-como-cuidadores-se-lo-permitimos\/"},"author":{"name":"admin","@id":"https:\/\/santamargarita.edu.pe\/web3\/#\/schema\/person\/a42f2ba78ac3d274daa3df5def7b5f67"},"headline":"\u201cUn ni\u00f1o ser\u00e1 aut\u00f3nomo si, como cuidadores, se lo permitimos\u201d","datePublished":"2020-06-30T16:10:19+00:00","dateModified":"2020-07-01T19:52:26+00:00","mainEntityOfPage":{"@id":"https:\/\/santamargarita.edu.pe\/web3\/un-nino-sera-autonomo-si-como-cuidadores-se-lo-permitimos\/"},"wordCount":1077,"publisher":{"@id":"https:\/\/santamargarita.edu.pe\/web3\/#organization"},"image":{"@id":"https:\/\/santamargarita.edu.pe\/web3\/un-nino-sera-autonomo-si-como-cuidadores-se-lo-permitimos\/#primaryimage"},"thumbnailUrl":"https:\/\/santamargarita.edu.pe\/web3\/wp-content\/uploads\/2020\/06\/IMG-9310-e1593548168996.jpg","articleSection":["Entrevista"],"inLanguage":"es"},{"@type":"WebPage","@id":"https:\/\/santamargarita.edu.pe\/web3\/un-nino-sera-autonomo-si-como-cuidadores-se-lo-permitimos\/","url":"https:\/\/santamargarita.edu.pe\/web3\/un-nino-sera-autonomo-si-como-cuidadores-se-lo-permitimos\/","name":"\u201cUn ni\u00f1o ser\u00e1 aut\u00f3nomo si, como cuidadores, se lo permitimos\u201d - Colegio Santa Margarita","isPartOf":{"@id":"https:\/\/santamargarita.edu.pe\/web3\/#website"},"primaryImageOfPage":{"@id":"https:\/\/santamargarita.edu.pe\/web3\/un-nino-sera-autonomo-si-como-cuidadores-se-lo-permitimos\/#primaryimage"},"image":{"@id":"https:\/\/santamargarita.edu.pe\/web3\/un-nino-sera-autonomo-si-como-cuidadores-se-lo-permitimos\/#primaryimage"},"thumbnailUrl":"https:\/\/santamargarita.edu.pe\/web3\/wp-content\/uploads\/2020\/06\/IMG-9310-e1593548168996.jpg","datePublished":"2020-06-30T16:10:19+00:00","dateModified":"2020-07-01T19:52:26+00:00","description":"El Colegio Santa Margarita aspira a ser un mosaico de oportunidades, un espacio donde el asombro d\u00e9 paso al descubrimiento de la verdad, del bien, de la belleza, y en donde nuestros alumnos aprendan a ser verdaderos l\u00edderes que, con su ejemplo, arrastren y sean pioneros del cambio, transitando por la ruta de la alegr\u00eda.","breadcrumb":{"@id":"https:\/\/santamargarita.edu.pe\/web3\/un-nino-sera-autonomo-si-como-cuidadores-se-lo-permitimos\/#breadcrumb"},"inLanguage":"es","potentialAction":[{"@type":"ReadAction","target":["https:\/\/santamargarita.edu.pe\/web3\/un-nino-sera-autonomo-si-como-cuidadores-se-lo-permitimos\/"]}]},{"@type":"ImageObject","inLanguage":"es","@id":"https:\/\/santamargarita.edu.pe\/web3\/un-nino-sera-autonomo-si-como-cuidadores-se-lo-permitimos\/#primaryimage","url":"https:\/\/santamargarita.edu.pe\/web3\/wp-content\/uploads\/2020\/06\/IMG-9310-e1593548168996.jpg","contentUrl":"https:\/\/santamargarita.edu.pe\/web3\/wp-content\/uploads\/2020\/06\/IMG-9310-e1593548168996.jpg","width":1130,"height":630},{"@type":"BreadcrumbList","@id":"https:\/\/santamargarita.edu.pe\/web3\/un-nino-sera-autonomo-si-como-cuidadores-se-lo-permitimos\/#breadcrumb","itemListElement":[{"@type":"ListItem","position":1,"name":"Portada","item":"https:\/\/santamargarita.edu.pe\/web3\/"},{"@type":"ListItem","position":2,"name":"\u201cUn ni\u00f1o ser\u00e1 aut\u00f3nomo si, como cuidadores, se lo permitimos\u201d"}]},{"@type":"WebSite","@id":"https:\/\/santamargarita.edu.pe\/web3\/#website","url":"https:\/\/santamargarita.edu.pe\/web3\/","name":"Colegio Santa Margarita","description":"Colegio de educaci&oacute;n Inicial, Primaria y Secundaria en Surco, Lima, Per&uacute;.","publisher":{"@id":"https:\/\/santamargarita.edu.pe\/web3\/#organization"},"potentialAction":[{"@type":"SearchAction","target":{"@type":"EntryPoint","urlTemplate":"https:\/\/santamargarita.edu.pe\/web3\/?s={search_term_string}"},"query-input":{"@type":"PropertyValueSpecification","valueRequired":true,"valueName":"search_term_string"}}],"inLanguage":"es"},{"@type":"Organization","@id":"https:\/\/santamargarita.edu.pe\/web3\/#organization","name":"Colegio Santa Margarita","url":"https:\/\/santamargarita.edu.pe\/web3\/","logo":{"@type":"ImageObject","inLanguage":"es","@id":"https:\/\/santamargarita.edu.pe\/web3\/#\/schema\/logo\/image\/","url":"https:\/\/santamargarita.edu.pe\/web3\/wp-content\/uploads\/2023\/07\/escudosm_transp.png","contentUrl":"https:\/\/santamargarita.edu.pe\/web3\/wp-content\/uploads\/2023\/07\/escudosm_transp.png","width":124,"height":137,"caption":"Colegio Santa Margarita"},"image":{"@id":"https:\/\/santamargarita.edu.pe\/web3\/#\/schema\/logo\/image\/"},"sameAs":["https:\/\/www.facebook.com\/colegiosantamargaritaoficial\/","https:\/\/www.linkedin.com\/school\/santamargarita\/"]},{"@type":"Person","@id":"https:\/\/santamargarita.edu.pe\/web3\/#\/schema\/person\/a42f2ba78ac3d274daa3df5def7b5f67","name":"admin","image":{"@type":"ImageObject","inLanguage":"es","@id":"https:\/\/santamargarita.edu.pe\/web3\/#\/schema\/person\/image\/","url":"https:\/\/secure.gravatar.com\/avatar\/15a801e82affbe457ea6605f9ffe5a30?s=96&d=mm&r=g","contentUrl":"https:\/\/secure.gravatar.com\/avatar\/15a801e82affbe457ea6605f9ffe5a30?s=96&d=mm&r=g","caption":"admin"},"url":"https:\/\/santamargarita.edu.pe\/web3\/author\/admin\/"}]}},"_links":{"self":[{"href":"https:\/\/santamargarita.edu.pe\/web3\/wp-json\/wp\/v2\/posts\/17388","targetHints":{"allow":["GET"]}}],"collection":[{"href":"https:\/\/santamargarita.edu.pe\/web3\/wp-json\/wp\/v2\/posts"}],"about":[{"href":"https:\/\/santamargarita.edu.pe\/web3\/wp-json\/wp\/v2\/types\/post"}],"author":[{"embeddable":true,"href":"https:\/\/santamargarita.edu.pe\/web3\/wp-json\/wp\/v2\/users\/1"}],"replies":[{"embeddable":true,"href":"https:\/\/santamargarita.edu.pe\/web3\/wp-json\/wp\/v2\/comments?post=17388"}],"version-history":[{"count":1,"href":"https:\/\/santamargarita.edu.pe\/web3\/wp-json\/wp\/v2\/posts\/17388\/revisions"}],"predecessor-version":[{"id":17389,"href":"https:\/\/santamargarita.edu.pe\/web3\/wp-json\/wp\/v2\/posts\/17388\/revisions\/17389"}],"wp:featuredmedia":[{"embeddable":true,"href":"https:\/\/santamargarita.edu.pe\/web3\/wp-json\/wp\/v2\/media\/17390"}],"wp:attachment":[{"href":"https:\/\/santamargarita.edu.pe\/web3\/wp-json\/wp\/v2\/media?parent=17388"}],"wp:term":[{"taxonomy":"category","embeddable":true,"href":"https:\/\/santamargarita.edu.pe\/web3\/wp-json\/wp\/v2\/categories?post=17388"},{"taxonomy":"post_tag","embeddable":true,"href":"https:\/\/santamargarita.edu.pe\/web3\/wp-json\/wp\/v2\/tags?post=17388"}],"curies":[{"name":"wp","href":"https:\/\/api.w.org\/{rel}","templated":true}]}}