{"id":17543,"date":"2020-09-13T13:09:26","date_gmt":"2020-09-13T18:09:26","guid":{"rendered":"http:\/\/santamargarita.edu.pe\/web3\/?p=17543"},"modified":"2020-09-13T13:11:44","modified_gmt":"2020-09-13T18:11:44","slug":"el-periodo-lectivo-2020-se-esta-remontando-gracias-a-las-escuelas-y-a-sus-profesores","status":"publish","type":"post","link":"https:\/\/santamargarita.edu.pe\/web3\/el-periodo-lectivo-2020-se-esta-remontando-gracias-a-las-escuelas-y-a-sus-profesores\/","title":{"rendered":"\u201cEl periodo lectivo 2020 se est\u00e1 remontando gracias a las escuelas y a sus profesores\u201d"},"content":{"rendered":"<div id=\"cmsmasters_row_jb2y05s34i\" class=\"cmsmasters_row cmsmasters_color_scheme_default cmsmasters_row_top_default cmsmasters_row_bot_default cmsmasters_row_boxed\">\n<div class=\"cmsmasters_row_outer_parent\">\n<div class=\"cmsmasters_row_outer\">\n<div class=\"cmsmasters_row_inner\">\n<div class=\"cmsmasters_row_margin\">\n<div id=\"cmsmasters_column_ib2e36u126\" class=\"cmsmasters_column one_first\">\n<div class=\"cmsmasters_column_inner\"><div class=\"cmsmasters_text\">\n<h4><span style=\"color: #61cac8;\"><strong>EntreVista<\/strong><\/span><\/h4>\n<p><span style=\"color: #17355e;\"><strong>Edistio C\u00e1mere:<\/strong><\/span><\/p>\n<p><span style=\"color: #17355e;\"><strong>Luego de seis meses de confinamiento social y clases a distancia, el panorama educativo presenta diversos matices que bien deben analizarse. Dialogamos con el educador Edistio C\u00e1mere, exdirector del Colegio Santa Margarita, quien nos da su punto de vista sobre la actuaci\u00f3n de Ministerio del sector y la situaci\u00f3n de la educaci\u00f3n escolar peruana.<\/strong><\/span><\/p>\n<p>&nbsp;<\/p>\n<p><span style=\"color: #61cac8;\"><strong>-\u00bfQu\u00e9 evaluaci\u00f3n puede hacer en estos seis meses de educaci\u00f3n a distancia? <\/strong><\/span><\/p>\n<p><span style=\"color: #17355e;\">Para tentar una evaluaci\u00f3n tomar\u00e9 prestada una comparaci\u00f3n. Ha sido como un tren subterr\u00e1neo. En la superficie, el gobierno y los medios de comunicaci\u00f3n enconaban a los padres de familia con los colegios, enfatizando que el \u00fanico componente de la educaci\u00f3n era el econ\u00f3mico. Debajo de este demoledor y constante ataque, las escuelas y sus profesores se esforzaban con denuedo para mantener el a\u00f1o lectivo 2020 vigente, a pesar de que ese intento supusiera m\u00e1s trabajo y hacerse con una \u2013en muchos casos\u2013ocupaci\u00f3n complementaria: el manejo virtual. Dos intenciones divergentes. <strong>Los colegios respondieron con creces a las necesidades de sus alumnos<\/strong>. Hasta ahora no s\u00e9 cu\u00e1l era la diana a la que el Estado apuntaba.<\/span><\/p>\n<p><span style=\"color: #61cac8;\"><strong>-\u00bfC\u00f3mo considera la participaci\u00f3n del Minedu en las pol\u00edticas educativas, especialmente en este tiempo de pandemia?<\/strong><\/span><\/p>\n<p><span style=\"color: #17355e;\">El Minedu, en vez de mirar la \u201cpaja en el ojo ajeno\u201d, deber\u00eda poner las \u2018barbas en remojo\u2019. \u00bfPor qu\u00e9 lo digo? <strong>Los alumnos de las escuelas privadas se distinguen<\/strong> de los de la escuela p\u00fablica, porque los primeros no han perdido la esperanza de un ma\u00f1ana diferente. El Minedu no perdona la contundencia de este hecho. \u00a1Que los padres de familia trasladen a sus hijos de la escuela p\u00fablica gratuita a una de paga, no se explica tan f\u00e1cilmente, salvo que sea porque advierten posibilidades y alternativas! \u00a0<\/span><\/p>\n<p><span style=\"color: #61cac8;\"><strong>-\u00bfCu\u00e1les son las mayores amenazas contra la educaci\u00f3n privada y la libertad de ense\u00f1anza? <\/strong><\/span><\/p>\n<p><span style=\"color: #17355e;\">El Minedu, al no contar con argumentos enjundiosos, ni con una gesti\u00f3n eficiente, menos con resultados que respalden sus pol\u00edticas, <strong>ha optado por utilizar su poder de legislar perge\u00f1ando irregularidades<\/strong>, determinando sanciones y cuantificando multas. Este poder que ostenta el Ente Rector ha devenido en coercitivo por tres razones: a) Es parcializado, su foco es la escuela privada a la que con el \u2018sambenito\u2019 de lo \u2018informal\u2019 o de lo \u2018mercantil\u2019, la cuestiona y sanciona; b) Los est\u00e1ndares de calidad a los que invoca para medir y multar \u00bflos ha implementado con \u00e9xito en sus colegios? \u00bfSirven como modelo? De lo contario \u00bfcon qu\u00e9 autoridad profesional se arroga la idoneidad de evaluar a los colegios privados?; y, c) Las sanciones pecuniarias constituyen ingresos propios y si a ello le sumamos el aumento en la discrecionalidad del funcionario, la consecuencia es obvia: <strong>la vitalidad de las escuelas privadas corre el riesgo de \u2018secarse\u2019<\/strong> por exacci\u00f3n. Las multas no tienen como prop\u00f3sito el ense\u00f1ar o corregir. El legislador \u2018tiene la certeza\u2019 de que \u2018intencionalmente\u2019 y con \u2018malicia\u2019 la escuela transgrede una norma; por tanto, el monto tiende a paralizar o a quebrar las defensas econ\u00f3micas de un centro educativo.<\/span><\/p>\n<p><span style=\"color: #61cac8;\"><strong>-El Minedu habla ahora de una \u2018unidad cero\u2019, cu\u00e9ntenos la experiencia al respecto en el Colegio Santa Margarita.<\/strong><\/span><\/p>\n<p><span style=\"color: #17355e;\">En efecto, el Colegio Santa Margarita, desde hace unos largos a\u00f1os, ha puesto en marcha la semana llamada \u201ccero\u201d con la que se reinicia un nuevo a\u00f1o escolar. \u00bfCu\u00e1l es su prop\u00f3sito? Acoger e inducir a Juan y a Mar\u00eda, que adem\u00e1s son alumnos, luego de un largo periodo de vacaciones. Se <strong>facilita de esta forma que puedan restablecer relaciones con sus nuevos y antiguos compa\u00f1eros y profesores<\/strong>. Cuentan e intercambian sus vivencias y se contagian con las novedades propias de la promoci\u00f3n. Asumen nuevos prop\u00f3sitos como grupo e individualmente. En lo acad\u00e9mico, en este tiempo cada profesor explica en detalle los objetivos, el contenido, las metas y la forma de evaluar de su respectivo curso. El contacto con un curso es siempre nuevo, porque: a) estrena una nueva materia y, b) lo enfrenta con mayor madurez y motivaci\u00f3n. Algo similar se pretende hacer con los alumnos cuando regresen \u2013despu\u00e9s de casi un a\u00f1o\u2013 a las escuelas. <strong>Creo que es fundamental llevarlo a cabo<\/strong>. En ambos casos, lo particular de la \u2018semana cero\u2019 es que nos centramos en la persona del alumno.<\/span><\/p>\n<p><span style=\"color: #61cac8;\"><strong>-Hay quienes opinan que se deber\u00eda agregar un a\u00f1o m\u00e1s a la etapa escolar, \u00bfqu\u00e9 le parece?<\/strong><\/span><\/p>\n<p><span style=\"color: #17355e;\">La intenci\u00f3n de esta propuesta est\u00e1 muy lejos de ser un beneficio econ\u00f3mico para un colegio. Si los alumnos terminasen la secundaria con 17 a\u00f1os cumplidos y besando los 18, ese cuarto de Secundaria y la mitad del quinto ser\u00edan espacios f\u00e9rtiles para culminar su formaci\u00f3n humana y acad\u00e9mica. Con mayor madurez, con sus cualidades dibujadas y visi\u00f3n del futuro m\u00e1s consistente, <strong>los colegios podr\u00edan finiquitar sus planes educativos<\/strong> y los alumnos abrirse a la sociedad m\u00e1s cuajados. Hoy concluyen sus estudios secundarios a los 16 con el agravante que a mitad de a\u00f1o \u2013en el mejor de los casos y, en el peor, en abril\u2013 los j\u00f3venes han sido admitidos a la universidad, por tanto, ese quinto de Secundaria se reduce a un semestre y\u2026 luego, en la universidad, no pocos migran de facultad o se desmotivan. En verdad, <strong>ser\u00eda una gran iniciativa y el Per\u00fa dejar\u00eda de ser original al respecto<\/strong>, pues la mayor\u00eda de los pa\u00edses de la regi\u00f3n, la Secundaria finaliza con el sexto grado.<\/span><\/p>\n<p><span style=\"color: #61cac8;\"><strong>-\u00bfC\u00f3mo deber\u00eda ser la actitud del Minedu para mejorar la educaci\u00f3n en general?<\/strong><\/span><\/p>\n<p><span style=\"color: #17355e;\">Que se dedique con pasi\u00f3n, entrega y honestidad a incrementar la calidad del servicio educativo estatal. Es su primera y principal responsabilidad. Ofrecer una educaci\u00f3n mediocre, ap\u00e1tica y uniforme es atentar contra la justicia, m\u00e1s todav\u00eda porque quienes acuden a los colegios del Estado son familias que no pueden costear otras escuelas. <strong>La educaci\u00f3n p\u00fablica debe ser igual o mejor que la no estatal<\/strong>. Es \u2013a mi juicio\u2013 un modo de escamotear su responsabilidad, atacar a la educaci\u00f3n privada. La pluralidad de ofertas educativas es caracter\u00edstica de toda democracia, negarla esta tambi\u00e9n afecta la libertad de ense\u00f1anza.<\/span><\/p>\n<p><span style=\"color: #61cac8;\"><strong>-\u00bfQu\u00e9 le dir\u00eda a los docentes que vienen dando sus clases a distancia?<\/strong><\/span><\/p>\n<p><span style=\"color: #17355e;\">Escrib\u00ed hace unos d\u00edas que en vez de llamar a este a\u00f1o \u2018A\u00f1o de la universalizaci\u00f3n de la salud\u2019, deber\u00eda titularse \u2018A\u00f1o del docente peruano\u2019, quien con su trabajo profesional ha logrado que la pandemia y su secuela, no paralicen el servicio educativo. <strong>El periodo lectivo 2020 se est\u00e1 remontando gracias a las escuelas y a sus profesores<\/strong>.<\/span><\/p>\n<p><span style=\"color: #61cac8;\"><strong>-\u00bfY a los padres de familia?<\/strong><\/span><\/p>\n<p><span style=\"color: #17355e;\">Creo que haber tenido la oportunidad de \u2018tocar\u2019 el quehacer docente a trav\u00e9s de la \u2018pantalla\u2019 debe lograr <strong>que recuperen la confianza en los docentes y en las escuelas.<\/strong> Reconocer la buena intenci\u00f3n y la entrega ser\u00eda muy saludable, aunque sea inevitable que en tantas horas de dictado no se hagan visibles algunos contratiempos y deficiencias.\u00a0 El docente, a trav\u00e9s del dominio de una materia, comunica un bien, una perfecci\u00f3n al estudiante que antes no ten\u00eda. Con su labor engrandece a la persona del alumno; por tanto, su tarea no es una mera trasmisi\u00f3n de informaci\u00f3n, como se quiere hacer creer. Por \u00faltimo, <strong>la relaci\u00f3n profesor\u2013alumno tiene un camino estructurado y al mismo tiempo muy personalizado<\/strong>. Gracias al entorno virtual, algunos padres est\u00e1n presente al momento del \u2018dictado de clases\u2019, lo que me parece bien, pero s\u00ed les pedir\u00eda que respeten esa relaci\u00f3n dejando que sean sus hijos los verdaderos protagonistas. Esta abstenci\u00f3n ser\u00e1 reconocida y agradecida por ellos.<\/span><\/p>\n<\/div>\n<\/div><\/div>\n<\/div>\n<\/div>\n<\/div>\n<\/div>\n<\/div>\n\n","protected":false},"excerpt":{"rendered":"","protected":false},"author":1,"featured_media":17546,"comment_status":"closed","ping_status":"closed","sticky":false,"template":"","format":"standard","meta":{"footnotes":""},"categories":[5],"tags":[],"class_list":["post-17543","post","type-post","status-publish","format-standard","has-post-thumbnail","hentry","category-entrevista"],"yoast_head":"<!-- This site is optimized with the Yoast SEO plugin v26.8 - https:\/\/yoast.com\/product\/yoast-seo-wordpress\/ -->\n<title>\u201cEl periodo lectivo 2020 se est\u00e1 remontando gracias a las escuelas y a sus profesores\u201d - Colegio Santa Margarita<\/title>\n<meta name=\"description\" content=\"El Colegio Santa Margarita aspira a ser un mosaico de oportunidades, un espacio donde el asombro d\u00e9 paso al descubrimiento de la verdad, del bien, de la belleza, y en donde nuestros alumnos aprendan a ser verdaderos l\u00edderes que, con su ejemplo, arrastren y sean pioneros del cambio, transitando por la ruta de la alegr\u00eda.\" \/>\n<meta name=\"robots\" content=\"index, follow, max-snippet:-1, max-image-preview:large, max-video-preview:-1\" \/>\n<link rel=\"canonical\" href=\"https:\/\/santamargarita.edu.pe\/web3\/el-periodo-lectivo-2020-se-esta-remontando-gracias-a-las-escuelas-y-a-sus-profesores\/\" \/>\n<meta property=\"og:locale\" content=\"es_ES\" \/>\n<meta property=\"og:type\" content=\"article\" \/>\n<meta property=\"og:title\" content=\"\u201cEl periodo lectivo 2020 se est\u00e1 remontando gracias a las escuelas y a sus profesores\u201d - Colegio Santa Margarita\" \/>\n<meta property=\"og:description\" content=\"El Colegio Santa Margarita aspira a ser un mosaico de oportunidades, un espacio donde el asombro d\u00e9 paso al descubrimiento de la verdad, del bien, de la belleza, y en donde nuestros alumnos aprendan a ser verdaderos l\u00edderes que, con su ejemplo, arrastren y sean pioneros del cambio, transitando por la ruta de la alegr\u00eda.\" \/>\n<meta property=\"og:url\" content=\"https:\/\/santamargarita.edu.pe\/web3\/el-periodo-lectivo-2020-se-esta-remontando-gracias-a-las-escuelas-y-a-sus-profesores\/\" \/>\n<meta property=\"og:site_name\" content=\"Colegio Santa Margarita\" \/>\n<meta property=\"article:publisher\" content=\"https:\/\/www.facebook.com\/colegiosantamargaritaoficial\/\" \/>\n<meta property=\"article:published_time\" content=\"2020-09-13T18:09:26+00:00\" \/>\n<meta property=\"article:modified_time\" content=\"2020-09-13T18:11:44+00:00\" \/>\n<meta property=\"og:image\" content=\"https:\/\/santamargarita.edu.pe\/web3\/wp-content\/uploads\/2020\/09\/IMG_3532.jpg\" \/>\n\t<meta property=\"og:image:width\" content=\"1920\" \/>\n\t<meta property=\"og:image:height\" content=\"1280\" \/>\n\t<meta property=\"og:image:type\" content=\"image\/jpeg\" \/>\n<meta name=\"author\" content=\"admin\" \/>\n<meta name=\"twitter:card\" content=\"summary_large_image\" \/>\n<script type=\"application\/ld+json\" class=\"yoast-schema-graph\">{\"@context\":\"https:\/\/schema.org\",\"@graph\":[{\"@type\":\"Article\",\"@id\":\"https:\/\/santamargarita.edu.pe\/web3\/el-periodo-lectivo-2020-se-esta-remontando-gracias-a-las-escuelas-y-a-sus-profesores\/#article\",\"isPartOf\":{\"@id\":\"https:\/\/santamargarita.edu.pe\/web3\/el-periodo-lectivo-2020-se-esta-remontando-gracias-a-las-escuelas-y-a-sus-profesores\/\"},\"author\":{\"name\":\"admin\",\"@id\":\"https:\/\/santamargarita.edu.pe\/web3\/#\/schema\/person\/a42f2ba78ac3d274daa3df5def7b5f67\"},\"headline\":\"\u201cEl periodo lectivo 2020 se est\u00e1 remontando gracias a las escuelas y a sus profesores\u201d\",\"datePublished\":\"2020-09-13T18:09:26+00:00\",\"dateModified\":\"2020-09-13T18:11:44+00:00\",\"mainEntityOfPage\":{\"@id\":\"https:\/\/santamargarita.edu.pe\/web3\/el-periodo-lectivo-2020-se-esta-remontando-gracias-a-las-escuelas-y-a-sus-profesores\/\"},\"wordCount\":1502,\"publisher\":{\"@id\":\"https:\/\/santamargarita.edu.pe\/web3\/#organization\"},\"image\":{\"@id\":\"https:\/\/santamargarita.edu.pe\/web3\/el-periodo-lectivo-2020-se-esta-remontando-gracias-a-las-escuelas-y-a-sus-profesores\/#primaryimage\"},\"thumbnailUrl\":\"https:\/\/santamargarita.edu.pe\/web3\/wp-content\/uploads\/2020\/09\/IMG_3532.jpg\",\"articleSection\":[\"Entrevista\"],\"inLanguage\":\"es\"},{\"@type\":\"WebPage\",\"@id\":\"https:\/\/santamargarita.edu.pe\/web3\/el-periodo-lectivo-2020-se-esta-remontando-gracias-a-las-escuelas-y-a-sus-profesores\/\",\"url\":\"https:\/\/santamargarita.edu.pe\/web3\/el-periodo-lectivo-2020-se-esta-remontando-gracias-a-las-escuelas-y-a-sus-profesores\/\",\"name\":\"\u201cEl periodo lectivo 2020 se est\u00e1 remontando gracias a las escuelas y a sus profesores\u201d - Colegio Santa Margarita\",\"isPartOf\":{\"@id\":\"https:\/\/santamargarita.edu.pe\/web3\/#website\"},\"primaryImageOfPage\":{\"@id\":\"https:\/\/santamargarita.edu.pe\/web3\/el-periodo-lectivo-2020-se-esta-remontando-gracias-a-las-escuelas-y-a-sus-profesores\/#primaryimage\"},\"image\":{\"@id\":\"https:\/\/santamargarita.edu.pe\/web3\/el-periodo-lectivo-2020-se-esta-remontando-gracias-a-las-escuelas-y-a-sus-profesores\/#primaryimage\"},\"thumbnailUrl\":\"https:\/\/santamargarita.edu.pe\/web3\/wp-content\/uploads\/2020\/09\/IMG_3532.jpg\",\"datePublished\":\"2020-09-13T18:09:26+00:00\",\"dateModified\":\"2020-09-13T18:11:44+00:00\",\"description\":\"El Colegio Santa Margarita aspira a ser un mosaico de oportunidades, un espacio donde el asombro d\u00e9 paso al descubrimiento de la verdad, del bien, de la belleza, y en donde nuestros alumnos aprendan a ser verdaderos l\u00edderes que, con su ejemplo, arrastren y sean pioneros del cambio, transitando por la ruta de la alegr\u00eda.\",\"breadcrumb\":{\"@id\":\"https:\/\/santamargarita.edu.pe\/web3\/el-periodo-lectivo-2020-se-esta-remontando-gracias-a-las-escuelas-y-a-sus-profesores\/#breadcrumb\"},\"inLanguage\":\"es\",\"potentialAction\":[{\"@type\":\"ReadAction\",\"target\":[\"https:\/\/santamargarita.edu.pe\/web3\/el-periodo-lectivo-2020-se-esta-remontando-gracias-a-las-escuelas-y-a-sus-profesores\/\"]}]},{\"@type\":\"ImageObject\",\"inLanguage\":\"es\",\"@id\":\"https:\/\/santamargarita.edu.pe\/web3\/el-periodo-lectivo-2020-se-esta-remontando-gracias-a-las-escuelas-y-a-sus-profesores\/#primaryimage\",\"url\":\"https:\/\/santamargarita.edu.pe\/web3\/wp-content\/uploads\/2020\/09\/IMG_3532.jpg\",\"contentUrl\":\"https:\/\/santamargarita.edu.pe\/web3\/wp-content\/uploads\/2020\/09\/IMG_3532.jpg\",\"width\":1920,\"height\":1280},{\"@type\":\"BreadcrumbList\",\"@id\":\"https:\/\/santamargarita.edu.pe\/web3\/el-periodo-lectivo-2020-se-esta-remontando-gracias-a-las-escuelas-y-a-sus-profesores\/#breadcrumb\",\"itemListElement\":[{\"@type\":\"ListItem\",\"position\":1,\"name\":\"Portada\",\"item\":\"https:\/\/santamargarita.edu.pe\/web3\/\"},{\"@type\":\"ListItem\",\"position\":2,\"name\":\"\u201cEl periodo lectivo 2020 se est\u00e1 remontando gracias a las escuelas y a sus profesores\u201d\"}]},{\"@type\":\"WebSite\",\"@id\":\"https:\/\/santamargarita.edu.pe\/web3\/#website\",\"url\":\"https:\/\/santamargarita.edu.pe\/web3\/\",\"name\":\"Colegio Santa Margarita\",\"description\":\"Colegio de educaci&oacute;n Inicial, Primaria y Secundaria en Surco, Lima, Per&uacute;.\",\"publisher\":{\"@id\":\"https:\/\/santamargarita.edu.pe\/web3\/#organization\"},\"potentialAction\":[{\"@type\":\"SearchAction\",\"target\":{\"@type\":\"EntryPoint\",\"urlTemplate\":\"https:\/\/santamargarita.edu.pe\/web3\/?s={search_term_string}\"},\"query-input\":{\"@type\":\"PropertyValueSpecification\",\"valueRequired\":true,\"valueName\":\"search_term_string\"}}],\"inLanguage\":\"es\"},{\"@type\":\"Organization\",\"@id\":\"https:\/\/santamargarita.edu.pe\/web3\/#organization\",\"name\":\"Colegio Santa Margarita\",\"url\":\"https:\/\/santamargarita.edu.pe\/web3\/\",\"logo\":{\"@type\":\"ImageObject\",\"inLanguage\":\"es\",\"@id\":\"https:\/\/santamargarita.edu.pe\/web3\/#\/schema\/logo\/image\/\",\"url\":\"https:\/\/santamargarita.edu.pe\/web3\/wp-content\/uploads\/2023\/07\/escudosm_transp.png\",\"contentUrl\":\"https:\/\/santamargarita.edu.pe\/web3\/wp-content\/uploads\/2023\/07\/escudosm_transp.png\",\"width\":124,\"height\":137,\"caption\":\"Colegio Santa Margarita\"},\"image\":{\"@id\":\"https:\/\/santamargarita.edu.pe\/web3\/#\/schema\/logo\/image\/\"},\"sameAs\":[\"https:\/\/www.facebook.com\/colegiosantamargaritaoficial\/\",\"https:\/\/www.linkedin.com\/school\/santamargarita\/\"]},{\"@type\":\"Person\",\"@id\":\"https:\/\/santamargarita.edu.pe\/web3\/#\/schema\/person\/a42f2ba78ac3d274daa3df5def7b5f67\",\"name\":\"admin\",\"image\":{\"@type\":\"ImageObject\",\"inLanguage\":\"es\",\"@id\":\"https:\/\/santamargarita.edu.pe\/web3\/#\/schema\/person\/image\/\",\"url\":\"https:\/\/secure.gravatar.com\/avatar\/15a801e82affbe457ea6605f9ffe5a30?s=96&d=mm&r=g\",\"contentUrl\":\"https:\/\/secure.gravatar.com\/avatar\/15a801e82affbe457ea6605f9ffe5a30?s=96&d=mm&r=g\",\"caption\":\"admin\"},\"url\":\"https:\/\/santamargarita.edu.pe\/web3\/author\/admin\/\"}]}<\/script>\n<!-- \/ Yoast SEO plugin. -->","yoast_head_json":{"title":"\u201cEl periodo lectivo 2020 se est\u00e1 remontando gracias a las escuelas y a sus profesores\u201d - Colegio Santa Margarita","description":"El Colegio Santa Margarita aspira a ser un mosaico de oportunidades, un espacio donde el asombro d\u00e9 paso al descubrimiento de la verdad, del bien, de la belleza, y en donde nuestros alumnos aprendan a ser verdaderos l\u00edderes que, con su ejemplo, arrastren y sean pioneros del cambio, transitando por la ruta de la alegr\u00eda.","robots":{"index":"index","follow":"follow","max-snippet":"max-snippet:-1","max-image-preview":"max-image-preview:large","max-video-preview":"max-video-preview:-1"},"canonical":"https:\/\/santamargarita.edu.pe\/web3\/el-periodo-lectivo-2020-se-esta-remontando-gracias-a-las-escuelas-y-a-sus-profesores\/","og_locale":"es_ES","og_type":"article","og_title":"\u201cEl periodo lectivo 2020 se est\u00e1 remontando gracias a las escuelas y a sus profesores\u201d - Colegio Santa Margarita","og_description":"El Colegio Santa Margarita aspira a ser un mosaico de oportunidades, un espacio donde el asombro d\u00e9 paso al descubrimiento de la verdad, del bien, de la belleza, y en donde nuestros alumnos aprendan a ser verdaderos l\u00edderes que, con su ejemplo, arrastren y sean pioneros del cambio, transitando por la ruta de la alegr\u00eda.","og_url":"https:\/\/santamargarita.edu.pe\/web3\/el-periodo-lectivo-2020-se-esta-remontando-gracias-a-las-escuelas-y-a-sus-profesores\/","og_site_name":"Colegio Santa Margarita","article_publisher":"https:\/\/www.facebook.com\/colegiosantamargaritaoficial\/","article_published_time":"2020-09-13T18:09:26+00:00","article_modified_time":"2020-09-13T18:11:44+00:00","og_image":[{"width":1920,"height":1280,"url":"https:\/\/santamargarita.edu.pe\/web3\/wp-content\/uploads\/2020\/09\/IMG_3532.jpg","type":"image\/jpeg"}],"author":"admin","twitter_card":"summary_large_image","schema":{"@context":"https:\/\/schema.org","@graph":[{"@type":"Article","@id":"https:\/\/santamargarita.edu.pe\/web3\/el-periodo-lectivo-2020-se-esta-remontando-gracias-a-las-escuelas-y-a-sus-profesores\/#article","isPartOf":{"@id":"https:\/\/santamargarita.edu.pe\/web3\/el-periodo-lectivo-2020-se-esta-remontando-gracias-a-las-escuelas-y-a-sus-profesores\/"},"author":{"name":"admin","@id":"https:\/\/santamargarita.edu.pe\/web3\/#\/schema\/person\/a42f2ba78ac3d274daa3df5def7b5f67"},"headline":"\u201cEl periodo lectivo 2020 se est\u00e1 remontando gracias a las escuelas y a sus profesores\u201d","datePublished":"2020-09-13T18:09:26+00:00","dateModified":"2020-09-13T18:11:44+00:00","mainEntityOfPage":{"@id":"https:\/\/santamargarita.edu.pe\/web3\/el-periodo-lectivo-2020-se-esta-remontando-gracias-a-las-escuelas-y-a-sus-profesores\/"},"wordCount":1502,"publisher":{"@id":"https:\/\/santamargarita.edu.pe\/web3\/#organization"},"image":{"@id":"https:\/\/santamargarita.edu.pe\/web3\/el-periodo-lectivo-2020-se-esta-remontando-gracias-a-las-escuelas-y-a-sus-profesores\/#primaryimage"},"thumbnailUrl":"https:\/\/santamargarita.edu.pe\/web3\/wp-content\/uploads\/2020\/09\/IMG_3532.jpg","articleSection":["Entrevista"],"inLanguage":"es"},{"@type":"WebPage","@id":"https:\/\/santamargarita.edu.pe\/web3\/el-periodo-lectivo-2020-se-esta-remontando-gracias-a-las-escuelas-y-a-sus-profesores\/","url":"https:\/\/santamargarita.edu.pe\/web3\/el-periodo-lectivo-2020-se-esta-remontando-gracias-a-las-escuelas-y-a-sus-profesores\/","name":"\u201cEl periodo lectivo 2020 se est\u00e1 remontando gracias a las escuelas y a sus profesores\u201d - Colegio Santa Margarita","isPartOf":{"@id":"https:\/\/santamargarita.edu.pe\/web3\/#website"},"primaryImageOfPage":{"@id":"https:\/\/santamargarita.edu.pe\/web3\/el-periodo-lectivo-2020-se-esta-remontando-gracias-a-las-escuelas-y-a-sus-profesores\/#primaryimage"},"image":{"@id":"https:\/\/santamargarita.edu.pe\/web3\/el-periodo-lectivo-2020-se-esta-remontando-gracias-a-las-escuelas-y-a-sus-profesores\/#primaryimage"},"thumbnailUrl":"https:\/\/santamargarita.edu.pe\/web3\/wp-content\/uploads\/2020\/09\/IMG_3532.jpg","datePublished":"2020-09-13T18:09:26+00:00","dateModified":"2020-09-13T18:11:44+00:00","description":"El Colegio Santa Margarita aspira a ser un mosaico de oportunidades, un espacio donde el asombro d\u00e9 paso al descubrimiento de la verdad, del bien, de la belleza, y en donde nuestros alumnos aprendan a ser verdaderos l\u00edderes que, con su ejemplo, arrastren y sean pioneros del cambio, transitando por la ruta de la alegr\u00eda.","breadcrumb":{"@id":"https:\/\/santamargarita.edu.pe\/web3\/el-periodo-lectivo-2020-se-esta-remontando-gracias-a-las-escuelas-y-a-sus-profesores\/#breadcrumb"},"inLanguage":"es","potentialAction":[{"@type":"ReadAction","target":["https:\/\/santamargarita.edu.pe\/web3\/el-periodo-lectivo-2020-se-esta-remontando-gracias-a-las-escuelas-y-a-sus-profesores\/"]}]},{"@type":"ImageObject","inLanguage":"es","@id":"https:\/\/santamargarita.edu.pe\/web3\/el-periodo-lectivo-2020-se-esta-remontando-gracias-a-las-escuelas-y-a-sus-profesores\/#primaryimage","url":"https:\/\/santamargarita.edu.pe\/web3\/wp-content\/uploads\/2020\/09\/IMG_3532.jpg","contentUrl":"https:\/\/santamargarita.edu.pe\/web3\/wp-content\/uploads\/2020\/09\/IMG_3532.jpg","width":1920,"height":1280},{"@type":"BreadcrumbList","@id":"https:\/\/santamargarita.edu.pe\/web3\/el-periodo-lectivo-2020-se-esta-remontando-gracias-a-las-escuelas-y-a-sus-profesores\/#breadcrumb","itemListElement":[{"@type":"ListItem","position":1,"name":"Portada","item":"https:\/\/santamargarita.edu.pe\/web3\/"},{"@type":"ListItem","position":2,"name":"\u201cEl periodo lectivo 2020 se est\u00e1 remontando gracias a las escuelas y a sus profesores\u201d"}]},{"@type":"WebSite","@id":"https:\/\/santamargarita.edu.pe\/web3\/#website","url":"https:\/\/santamargarita.edu.pe\/web3\/","name":"Colegio Santa Margarita","description":"Colegio de educaci&oacute;n Inicial, Primaria y Secundaria en Surco, Lima, Per&uacute;.","publisher":{"@id":"https:\/\/santamargarita.edu.pe\/web3\/#organization"},"potentialAction":[{"@type":"SearchAction","target":{"@type":"EntryPoint","urlTemplate":"https:\/\/santamargarita.edu.pe\/web3\/?s={search_term_string}"},"query-input":{"@type":"PropertyValueSpecification","valueRequired":true,"valueName":"search_term_string"}}],"inLanguage":"es"},{"@type":"Organization","@id":"https:\/\/santamargarita.edu.pe\/web3\/#organization","name":"Colegio Santa Margarita","url":"https:\/\/santamargarita.edu.pe\/web3\/","logo":{"@type":"ImageObject","inLanguage":"es","@id":"https:\/\/santamargarita.edu.pe\/web3\/#\/schema\/logo\/image\/","url":"https:\/\/santamargarita.edu.pe\/web3\/wp-content\/uploads\/2023\/07\/escudosm_transp.png","contentUrl":"https:\/\/santamargarita.edu.pe\/web3\/wp-content\/uploads\/2023\/07\/escudosm_transp.png","width":124,"height":137,"caption":"Colegio Santa Margarita"},"image":{"@id":"https:\/\/santamargarita.edu.pe\/web3\/#\/schema\/logo\/image\/"},"sameAs":["https:\/\/www.facebook.com\/colegiosantamargaritaoficial\/","https:\/\/www.linkedin.com\/school\/santamargarita\/"]},{"@type":"Person","@id":"https:\/\/santamargarita.edu.pe\/web3\/#\/schema\/person\/a42f2ba78ac3d274daa3df5def7b5f67","name":"admin","image":{"@type":"ImageObject","inLanguage":"es","@id":"https:\/\/santamargarita.edu.pe\/web3\/#\/schema\/person\/image\/","url":"https:\/\/secure.gravatar.com\/avatar\/15a801e82affbe457ea6605f9ffe5a30?s=96&d=mm&r=g","contentUrl":"https:\/\/secure.gravatar.com\/avatar\/15a801e82affbe457ea6605f9ffe5a30?s=96&d=mm&r=g","caption":"admin"},"url":"https:\/\/santamargarita.edu.pe\/web3\/author\/admin\/"}]}},"_links":{"self":[{"href":"https:\/\/santamargarita.edu.pe\/web3\/wp-json\/wp\/v2\/posts\/17543","targetHints":{"allow":["GET"]}}],"collection":[{"href":"https:\/\/santamargarita.edu.pe\/web3\/wp-json\/wp\/v2\/posts"}],"about":[{"href":"https:\/\/santamargarita.edu.pe\/web3\/wp-json\/wp\/v2\/types\/post"}],"author":[{"embeddable":true,"href":"https:\/\/santamargarita.edu.pe\/web3\/wp-json\/wp\/v2\/users\/1"}],"replies":[{"embeddable":true,"href":"https:\/\/santamargarita.edu.pe\/web3\/wp-json\/wp\/v2\/comments?post=17543"}],"version-history":[{"count":3,"href":"https:\/\/santamargarita.edu.pe\/web3\/wp-json\/wp\/v2\/posts\/17543\/revisions"}],"predecessor-version":[{"id":17548,"href":"https:\/\/santamargarita.edu.pe\/web3\/wp-json\/wp\/v2\/posts\/17543\/revisions\/17548"}],"wp:featuredmedia":[{"embeddable":true,"href":"https:\/\/santamargarita.edu.pe\/web3\/wp-json\/wp\/v2\/media\/17546"}],"wp:attachment":[{"href":"https:\/\/santamargarita.edu.pe\/web3\/wp-json\/wp\/v2\/media?parent=17543"}],"wp:term":[{"taxonomy":"category","embeddable":true,"href":"https:\/\/santamargarita.edu.pe\/web3\/wp-json\/wp\/v2\/categories?post=17543"},{"taxonomy":"post_tag","embeddable":true,"href":"https:\/\/santamargarita.edu.pe\/web3\/wp-json\/wp\/v2\/tags?post=17543"}],"curies":[{"name":"wp","href":"https:\/\/api.w.org\/{rel}","templated":true}]}}