{"id":19743,"date":"2025-08-13T12:05:34","date_gmt":"2025-08-13T17:05:34","guid":{"rendered":"https:\/\/santamargarita.edu.pe\/web3\/?p=19743"},"modified":"2025-11-21T08:32:28","modified_gmt":"2025-11-21T13:32:28","slug":"carta-abierta-a-nuestra-comunidad-educativa","status":"publish","type":"post","link":"https:\/\/santamargarita.edu.pe\/web3\/carta-abierta-a-nuestra-comunidad-educativa\/","title":{"rendered":"Carta abierta a nuestra Comunidad Educativa"},"content":{"rendered":"<div id=\"cmsmasters_row_\" class=\"cmsmasters_row cmsmasters_color_scheme_default cmsmasters_row_top_default cmsmasters_row_bot_default cmsmasters_row_boxed\">\n<div class=\"cmsmasters_row_outer_parent\">\n<div class=\"cmsmasters_row_outer\">\n<div class=\"cmsmasters_row_inner\">\n<div class=\"cmsmasters_row_margin\">\n<div id=\"cmsmasters_column_\" class=\"cmsmasters_column one_first\">\n<div class=\"cmsmasters_column_inner\"><div class=\"cmsmasters_text justificar\">\n<p class=\"has-color-8-color has-text-color\"><span style=\"color: #17355e;\">Queridas familias:<\/span><\/p>\n<p><span style=\"color: #17355e;\"><\/span><\/p>\n<p><span style=\"color: #17355e;\"><\/span><\/p>\n<p class=\"has-color-8-color has-text-color\"><span style=\"color: #17355e;\">En los \u00faltimos meses, los medios de comunicaci\u00f3n han recogido una serie de noticias que nos invitan a reflexionar: pa\u00edses como Francia, Finlandia, Italia, Portugal o incluso distritos escolares de Estados Unidos, est\u00e1n dando marcha atr\u00e1s en el uso libre de celulares en los colegios<sup>(1)<\/sup>. Muchas instituciones han decidido restringirlos o incluso prohibirlos por completo. Al mismo tiempo, se observa un renovado inter\u00e9s por los libros f\u00edsicos, la lectura profunda y el uso del papel<sup>(2)<\/sup>.<\/span><\/p>\n<p><span style=\"color: #17355e;\"><\/span><\/p>\n<p><span style=\"color: #17355e;\"><\/span><\/p>\n<p class=\"has-color-8-color has-text-color\"><span style=\"color: #17355e;\">Sorprende que estas decisiones sean celebradas como avances o novedades cuando en realidad, lo que est\u00e1n haciendo muchas instituciones es intentar recuperar el terreno perdido. Videos virales muestran a estudiantes felices porque, por fin, en sus recreos se vuelven a mirar a la cara. Y aunque estos testimonios sean conmovedores, no podemos dejar de pensar que esa realidad nunca debi\u00f3 cambiar.<\/span><\/p>\n<p><span style=\"color: #17355e;\"><\/span><\/p>\n<p><span style=\"color: #17355e;\"><\/span><\/p>\n<p class=\"has-color-8-color has-text-color\"><span style=\"color: #17355e;\">En el Colegio Santa Margarita, esta conversaci\u00f3n no es nueva.<strong> En el a\u00f1o 2016<\/strong> tomamos una decisi\u00f3n firme y contracorriente: restringimos el uso de los celulares en nuestro plantel. No fue una medida tomada a la ligera, sino el resultado de una profunda reflexi\u00f3n pedag\u00f3gica y humana.<\/span><\/p>\n<p><span style=\"color: #17355e;\"><\/span><\/p>\n<p><span style=\"color: #17355e;\"><\/span><\/p>\n<p class=\"has-color-8-color has-text-color\"><span style=\"color: #17355e;\">En ese momento, fuimos cuestionados por diversos frentes. Incluso algunos colegas creyeron que era una medida exagerada, \u201cfuera de \u00e9poca\u201d. Pero nosotros sab\u00edamos lo que est\u00e1bamos cuidando en nuestros estudiantes: la atenci\u00f3n, el juego aut\u00e9ntico, la mirada, el v\u00ednculo, el silencio, el encuentro con uno mismo y con los dem\u00e1s.<\/span><\/p>\n<p><span style=\"color: #17355e;\"><\/span><\/p>\n<p><span style=\"color: #17355e;\"><\/span><\/p>\n<p class=\"has-color-8-color has-text-color\"><span style=\"color: #17355e;\">Hoy, cuando el mundo empieza a dar pasos para corregir el rumbo, nos alegra haber sostenido con coherencia y convicci\u00f3n una educaci\u00f3n que pone a la persona en el centro.\u00a0 Porque la tecnolog\u00eda, en el Santa Margarita, se usa con prop\u00f3sito y en el momento justo, sin invadir la infancia ni suplantar las relaciones humanas. Y lo m\u00e1s importante: porque actuamos pensando siempre en<strong> el bien de nuestros alumnos<\/strong>, incluso cuando la decisi\u00f3n no sea la m\u00e1s popular ni la m\u00e1s c\u00f3moda.<\/span><\/p>\n<p><span style=\"color: #17355e;\"><\/span><\/p>\n<p><span style=\"color: #17355e;\"><\/span><\/p>\n<p class=\"has-color-8-color has-text-color\"><span style=\"color: #17355e;\">Valga la ocasi\u00f3n para agradecer a las familias que confiaron en esta decisi\u00f3n y reafirmar nuestro fiel compromiso de promover una educaci\u00f3n innovadora y centrada en la persona. Igualmente, para abrir la invitaci\u00f3n a reflexionar en comunidad sobre una pregunta clave: \u00bfQu\u00e9 lugar tiene el celular en nuestra din\u00e1mica familiar?<\/span><\/p>\n<p><span style=\"color: #17355e;\"><\/span><\/p>\n<p><span style=\"color: #17355e;\"><\/span><\/p>\n<p class=\"has-color-8-color has-text-color\"><span style=\"color: #17355e;\">Atentamente,<\/span><\/p>\n<p><span style=\"color: #17355e;\"><\/span><\/p>\n<p><span style=\"color: #17355e;\"><\/span><\/p>\n<p class=\"has-color-8-color has-text-color\"><span style=\"color: #17355e;\">Equipo Directivo<\/span><\/p>\n<\/p>\n<p>________________<\/p>\n<\/p>\n<p>(1) Cfr. <a href=\"https:\/\/goo.su\/nS9XM\">https:\/\/goo.su\/nS9XM<\/a><\/p>\n<\/p>\n<p>(2) Cfr. <a href=\"https:\/\/goo.su\/PcZDQHK\">https:\/\/goo.su\/PcZDQHK<\/a><\/p>\n<\/p>\n<\/div>\n<\/div><\/div>\n<\/div>\n<\/div>\n<\/div>\n<\/div>\n<\/div>\n","protected":false},"excerpt":{"rendered":"","protected":false},"author":1,"featured_media":0,"comment_status":"closed","ping_status":"closed","sticky":false,"template":"","format":"standard","meta":{"footnotes":""},"categories":[49],"tags":[40],"class_list":["post-19743","post","type-post","status-publish","format-standard","hentry","category-cartas","tag-educacion"],"yoast_head":"<!-- This site is optimized with the Yoast SEO plugin v26.8 - https:\/\/yoast.com\/product\/yoast-seo-wordpress\/ -->\n<title>Carta abierta a nuestra Comunidad Educativa - Colegio Santa Margarita<\/title>\n<meta name=\"description\" content=\"El Colegio Santa Margarita aspira a ser un mosaico de oportunidades, un espacio donde el asombro d\u00e9 paso al descubrimiento de la verdad, del bien, de la belleza, y en donde nuestros alumnos aprendan a ser verdaderos l\u00edderes que, con su ejemplo, arrastren y sean pioneros del cambio, transitando por la ruta de la alegr\u00eda.\" \/>\n<meta name=\"robots\" content=\"index, follow, max-snippet:-1, max-image-preview:large, max-video-preview:-1\" \/>\n<link rel=\"canonical\" href=\"https:\/\/santamargarita.edu.pe\/web3\/carta-abierta-a-nuestra-comunidad-educativa\/\" \/>\n<meta property=\"og:locale\" content=\"es_ES\" \/>\n<meta property=\"og:type\" content=\"article\" \/>\n<meta property=\"og:title\" content=\"Carta abierta a nuestra Comunidad Educativa - Colegio Santa Margarita\" \/>\n<meta property=\"og:description\" content=\"El Colegio Santa Margarita aspira a ser un mosaico de oportunidades, un espacio donde el asombro d\u00e9 paso al descubrimiento de la verdad, del bien, de la belleza, y en donde nuestros alumnos aprendan a ser verdaderos l\u00edderes que, con su ejemplo, arrastren y sean pioneros del cambio, transitando por la ruta de la alegr\u00eda.\" \/>\n<meta property=\"og:url\" content=\"https:\/\/santamargarita.edu.pe\/web3\/carta-abierta-a-nuestra-comunidad-educativa\/\" \/>\n<meta property=\"og:site_name\" content=\"Colegio Santa Margarita\" \/>\n<meta property=\"article:publisher\" content=\"https:\/\/www.facebook.com\/colegiosantamargaritaoficial\/\" \/>\n<meta property=\"article:published_time\" content=\"2025-08-13T17:05:34+00:00\" \/>\n<meta property=\"article:modified_time\" content=\"2025-11-21T13:32:28+00:00\" \/>\n<meta name=\"author\" content=\"admin\" \/>\n<meta name=\"twitter:card\" content=\"summary_large_image\" \/>\n<script type=\"application\/ld+json\" class=\"yoast-schema-graph\">{\"@context\":\"https:\/\/schema.org\",\"@graph\":[{\"@type\":\"Article\",\"@id\":\"https:\/\/santamargarita.edu.pe\/web3\/carta-abierta-a-nuestra-comunidad-educativa\/#article\",\"isPartOf\":{\"@id\":\"https:\/\/santamargarita.edu.pe\/web3\/carta-abierta-a-nuestra-comunidad-educativa\/\"},\"author\":{\"name\":\"admin\",\"@id\":\"https:\/\/santamargarita.edu.pe\/web3\/#\/schema\/person\/a42f2ba78ac3d274daa3df5def7b5f67\"},\"headline\":\"Carta abierta a nuestra Comunidad Educativa\",\"datePublished\":\"2025-08-13T17:05:34+00:00\",\"dateModified\":\"2025-11-21T13:32:28+00:00\",\"mainEntityOfPage\":{\"@id\":\"https:\/\/santamargarita.edu.pe\/web3\/carta-abierta-a-nuestra-comunidad-educativa\/\"},\"wordCount\":434,\"publisher\":{\"@id\":\"https:\/\/santamargarita.edu.pe\/web3\/#organization\"},\"keywords\":[\"Educaci\u00f3n\"],\"articleSection\":[\"Cartas\"],\"inLanguage\":\"es\"},{\"@type\":\"WebPage\",\"@id\":\"https:\/\/santamargarita.edu.pe\/web3\/carta-abierta-a-nuestra-comunidad-educativa\/\",\"url\":\"https:\/\/santamargarita.edu.pe\/web3\/carta-abierta-a-nuestra-comunidad-educativa\/\",\"name\":\"Carta abierta a nuestra Comunidad Educativa - Colegio Santa Margarita\",\"isPartOf\":{\"@id\":\"https:\/\/santamargarita.edu.pe\/web3\/#website\"},\"datePublished\":\"2025-08-13T17:05:34+00:00\",\"dateModified\":\"2025-11-21T13:32:28+00:00\",\"description\":\"El Colegio Santa Margarita aspira a ser un mosaico de oportunidades, un espacio donde el asombro d\u00e9 paso al descubrimiento de la verdad, del bien, de la belleza, y en donde nuestros alumnos aprendan a ser verdaderos l\u00edderes que, con su ejemplo, arrastren y sean pioneros del cambio, transitando por la ruta de la alegr\u00eda.\",\"breadcrumb\":{\"@id\":\"https:\/\/santamargarita.edu.pe\/web3\/carta-abierta-a-nuestra-comunidad-educativa\/#breadcrumb\"},\"inLanguage\":\"es\",\"potentialAction\":[{\"@type\":\"ReadAction\",\"target\":[\"https:\/\/santamargarita.edu.pe\/web3\/carta-abierta-a-nuestra-comunidad-educativa\/\"]}]},{\"@type\":\"BreadcrumbList\",\"@id\":\"https:\/\/santamargarita.edu.pe\/web3\/carta-abierta-a-nuestra-comunidad-educativa\/#breadcrumb\",\"itemListElement\":[{\"@type\":\"ListItem\",\"position\":1,\"name\":\"Portada\",\"item\":\"https:\/\/santamargarita.edu.pe\/web3\/\"},{\"@type\":\"ListItem\",\"position\":2,\"name\":\"Carta abierta a nuestra Comunidad Educativa\"}]},{\"@type\":\"WebSite\",\"@id\":\"https:\/\/santamargarita.edu.pe\/web3\/#website\",\"url\":\"https:\/\/santamargarita.edu.pe\/web3\/\",\"name\":\"Colegio Santa Margarita\",\"description\":\"Colegio de educaci&oacute;n Inicial, Primaria y Secundaria en Surco, Lima, Per&uacute;.\",\"publisher\":{\"@id\":\"https:\/\/santamargarita.edu.pe\/web3\/#organization\"},\"potentialAction\":[{\"@type\":\"SearchAction\",\"target\":{\"@type\":\"EntryPoint\",\"urlTemplate\":\"https:\/\/santamargarita.edu.pe\/web3\/?s={search_term_string}\"},\"query-input\":{\"@type\":\"PropertyValueSpecification\",\"valueRequired\":true,\"valueName\":\"search_term_string\"}}],\"inLanguage\":\"es\"},{\"@type\":\"Organization\",\"@id\":\"https:\/\/santamargarita.edu.pe\/web3\/#organization\",\"name\":\"Colegio Santa Margarita\",\"url\":\"https:\/\/santamargarita.edu.pe\/web3\/\",\"logo\":{\"@type\":\"ImageObject\",\"inLanguage\":\"es\",\"@id\":\"https:\/\/santamargarita.edu.pe\/web3\/#\/schema\/logo\/image\/\",\"url\":\"https:\/\/santamargarita.edu.pe\/web3\/wp-content\/uploads\/2023\/07\/escudosm_transp.png\",\"contentUrl\":\"https:\/\/santamargarita.edu.pe\/web3\/wp-content\/uploads\/2023\/07\/escudosm_transp.png\",\"width\":124,\"height\":137,\"caption\":\"Colegio Santa Margarita\"},\"image\":{\"@id\":\"https:\/\/santamargarita.edu.pe\/web3\/#\/schema\/logo\/image\/\"},\"sameAs\":[\"https:\/\/www.facebook.com\/colegiosantamargaritaoficial\/\",\"https:\/\/www.linkedin.com\/school\/santamargarita\/\"]},{\"@type\":\"Person\",\"@id\":\"https:\/\/santamargarita.edu.pe\/web3\/#\/schema\/person\/a42f2ba78ac3d274daa3df5def7b5f67\",\"name\":\"admin\",\"image\":{\"@type\":\"ImageObject\",\"inLanguage\":\"es\",\"@id\":\"https:\/\/santamargarita.edu.pe\/web3\/#\/schema\/person\/image\/\",\"url\":\"https:\/\/secure.gravatar.com\/avatar\/15a801e82affbe457ea6605f9ffe5a30?s=96&d=mm&r=g\",\"contentUrl\":\"https:\/\/secure.gravatar.com\/avatar\/15a801e82affbe457ea6605f9ffe5a30?s=96&d=mm&r=g\",\"caption\":\"admin\"},\"url\":\"https:\/\/santamargarita.edu.pe\/web3\/author\/admin\/\"}]}<\/script>\n<!-- \/ Yoast SEO plugin. -->","yoast_head_json":{"title":"Carta abierta a nuestra Comunidad Educativa - Colegio Santa Margarita","description":"El Colegio Santa Margarita aspira a ser un mosaico de oportunidades, un espacio donde el asombro d\u00e9 paso al descubrimiento de la verdad, del bien, de la belleza, y en donde nuestros alumnos aprendan a ser verdaderos l\u00edderes que, con su ejemplo, arrastren y sean pioneros del cambio, transitando por la ruta de la alegr\u00eda.","robots":{"index":"index","follow":"follow","max-snippet":"max-snippet:-1","max-image-preview":"max-image-preview:large","max-video-preview":"max-video-preview:-1"},"canonical":"https:\/\/santamargarita.edu.pe\/web3\/carta-abierta-a-nuestra-comunidad-educativa\/","og_locale":"es_ES","og_type":"article","og_title":"Carta abierta a nuestra Comunidad Educativa - Colegio Santa Margarita","og_description":"El Colegio Santa Margarita aspira a ser un mosaico de oportunidades, un espacio donde el asombro d\u00e9 paso al descubrimiento de la verdad, del bien, de la belleza, y en donde nuestros alumnos aprendan a ser verdaderos l\u00edderes que, con su ejemplo, arrastren y sean pioneros del cambio, transitando por la ruta de la alegr\u00eda.","og_url":"https:\/\/santamargarita.edu.pe\/web3\/carta-abierta-a-nuestra-comunidad-educativa\/","og_site_name":"Colegio Santa Margarita","article_publisher":"https:\/\/www.facebook.com\/colegiosantamargaritaoficial\/","article_published_time":"2025-08-13T17:05:34+00:00","article_modified_time":"2025-11-21T13:32:28+00:00","author":"admin","twitter_card":"summary_large_image","schema":{"@context":"https:\/\/schema.org","@graph":[{"@type":"Article","@id":"https:\/\/santamargarita.edu.pe\/web3\/carta-abierta-a-nuestra-comunidad-educativa\/#article","isPartOf":{"@id":"https:\/\/santamargarita.edu.pe\/web3\/carta-abierta-a-nuestra-comunidad-educativa\/"},"author":{"name":"admin","@id":"https:\/\/santamargarita.edu.pe\/web3\/#\/schema\/person\/a42f2ba78ac3d274daa3df5def7b5f67"},"headline":"Carta abierta a nuestra Comunidad Educativa","datePublished":"2025-08-13T17:05:34+00:00","dateModified":"2025-11-21T13:32:28+00:00","mainEntityOfPage":{"@id":"https:\/\/santamargarita.edu.pe\/web3\/carta-abierta-a-nuestra-comunidad-educativa\/"},"wordCount":434,"publisher":{"@id":"https:\/\/santamargarita.edu.pe\/web3\/#organization"},"keywords":["Educaci\u00f3n"],"articleSection":["Cartas"],"inLanguage":"es"},{"@type":"WebPage","@id":"https:\/\/santamargarita.edu.pe\/web3\/carta-abierta-a-nuestra-comunidad-educativa\/","url":"https:\/\/santamargarita.edu.pe\/web3\/carta-abierta-a-nuestra-comunidad-educativa\/","name":"Carta abierta a nuestra Comunidad Educativa - Colegio Santa Margarita","isPartOf":{"@id":"https:\/\/santamargarita.edu.pe\/web3\/#website"},"datePublished":"2025-08-13T17:05:34+00:00","dateModified":"2025-11-21T13:32:28+00:00","description":"El Colegio Santa Margarita aspira a ser un mosaico de oportunidades, un espacio donde el asombro d\u00e9 paso al descubrimiento de la verdad, del bien, de la belleza, y en donde nuestros alumnos aprendan a ser verdaderos l\u00edderes que, con su ejemplo, arrastren y sean pioneros del cambio, transitando por la ruta de la alegr\u00eda.","breadcrumb":{"@id":"https:\/\/santamargarita.edu.pe\/web3\/carta-abierta-a-nuestra-comunidad-educativa\/#breadcrumb"},"inLanguage":"es","potentialAction":[{"@type":"ReadAction","target":["https:\/\/santamargarita.edu.pe\/web3\/carta-abierta-a-nuestra-comunidad-educativa\/"]}]},{"@type":"BreadcrumbList","@id":"https:\/\/santamargarita.edu.pe\/web3\/carta-abierta-a-nuestra-comunidad-educativa\/#breadcrumb","itemListElement":[{"@type":"ListItem","position":1,"name":"Portada","item":"https:\/\/santamargarita.edu.pe\/web3\/"},{"@type":"ListItem","position":2,"name":"Carta abierta a nuestra Comunidad Educativa"}]},{"@type":"WebSite","@id":"https:\/\/santamargarita.edu.pe\/web3\/#website","url":"https:\/\/santamargarita.edu.pe\/web3\/","name":"Colegio Santa Margarita","description":"Colegio de educaci&oacute;n Inicial, Primaria y Secundaria en Surco, Lima, Per&uacute;.","publisher":{"@id":"https:\/\/santamargarita.edu.pe\/web3\/#organization"},"potentialAction":[{"@type":"SearchAction","target":{"@type":"EntryPoint","urlTemplate":"https:\/\/santamargarita.edu.pe\/web3\/?s={search_term_string}"},"query-input":{"@type":"PropertyValueSpecification","valueRequired":true,"valueName":"search_term_string"}}],"inLanguage":"es"},{"@type":"Organization","@id":"https:\/\/santamargarita.edu.pe\/web3\/#organization","name":"Colegio Santa Margarita","url":"https:\/\/santamargarita.edu.pe\/web3\/","logo":{"@type":"ImageObject","inLanguage":"es","@id":"https:\/\/santamargarita.edu.pe\/web3\/#\/schema\/logo\/image\/","url":"https:\/\/santamargarita.edu.pe\/web3\/wp-content\/uploads\/2023\/07\/escudosm_transp.png","contentUrl":"https:\/\/santamargarita.edu.pe\/web3\/wp-content\/uploads\/2023\/07\/escudosm_transp.png","width":124,"height":137,"caption":"Colegio Santa Margarita"},"image":{"@id":"https:\/\/santamargarita.edu.pe\/web3\/#\/schema\/logo\/image\/"},"sameAs":["https:\/\/www.facebook.com\/colegiosantamargaritaoficial\/","https:\/\/www.linkedin.com\/school\/santamargarita\/"]},{"@type":"Person","@id":"https:\/\/santamargarita.edu.pe\/web3\/#\/schema\/person\/a42f2ba78ac3d274daa3df5def7b5f67","name":"admin","image":{"@type":"ImageObject","inLanguage":"es","@id":"https:\/\/santamargarita.edu.pe\/web3\/#\/schema\/person\/image\/","url":"https:\/\/secure.gravatar.com\/avatar\/15a801e82affbe457ea6605f9ffe5a30?s=96&d=mm&r=g","contentUrl":"https:\/\/secure.gravatar.com\/avatar\/15a801e82affbe457ea6605f9ffe5a30?s=96&d=mm&r=g","caption":"admin"},"url":"https:\/\/santamargarita.edu.pe\/web3\/author\/admin\/"}]}},"_links":{"self":[{"href":"https:\/\/santamargarita.edu.pe\/web3\/wp-json\/wp\/v2\/posts\/19743","targetHints":{"allow":["GET"]}}],"collection":[{"href":"https:\/\/santamargarita.edu.pe\/web3\/wp-json\/wp\/v2\/posts"}],"about":[{"href":"https:\/\/santamargarita.edu.pe\/web3\/wp-json\/wp\/v2\/types\/post"}],"author":[{"embeddable":true,"href":"https:\/\/santamargarita.edu.pe\/web3\/wp-json\/wp\/v2\/users\/1"}],"replies":[{"embeddable":true,"href":"https:\/\/santamargarita.edu.pe\/web3\/wp-json\/wp\/v2\/comments?post=19743"}],"version-history":[{"count":7,"href":"https:\/\/santamargarita.edu.pe\/web3\/wp-json\/wp\/v2\/posts\/19743\/revisions"}],"predecessor-version":[{"id":19750,"href":"https:\/\/santamargarita.edu.pe\/web3\/wp-json\/wp\/v2\/posts\/19743\/revisions\/19750"}],"wp:attachment":[{"href":"https:\/\/santamargarita.edu.pe\/web3\/wp-json\/wp\/v2\/media?parent=19743"}],"wp:term":[{"taxonomy":"category","embeddable":true,"href":"https:\/\/santamargarita.edu.pe\/web3\/wp-json\/wp\/v2\/categories?post=19743"},{"taxonomy":"post_tag","embeddable":true,"href":"https:\/\/santamargarita.edu.pe\/web3\/wp-json\/wp\/v2\/tags?post=19743"}],"curies":[{"name":"wp","href":"https:\/\/api.w.org\/{rel}","templated":true}]}}